{"id":1,"date":"2017-03-13T03:48:21","date_gmt":"2017-03-13T03:48:21","guid":{"rendered":"http:\/\/adsp-bejune.positif.ch\/site\/?p=1"},"modified":"2018-03-06T14:32:30","modified_gmt":"2018-03-06T14:32:30","slug":"une-strategie-en-cinq-axes-pour-les-soins-palliatifs-dans-lespace-bejune","status":"publish","type":"post","link":"https:\/\/adsp-bejune.ch\/site\/une-strategie-en-cinq-axes-pour-les-soins-palliatifs-dans-lespace-bejune\/","title":{"rendered":"Une strat\u00e9gie en cinq axes pour les soins palliatifs dans l\u2019espace BEJUNE"},"content":{"rendered":"<h2 style=\"text-align: justify;\">COMMUNIQU\u00c9 DE PRESSE<\/h2>\n<hr \/>\n<p style=\"text-align: justify;\"><strong>Les cantons de Berne, du Jura et de Neuch\u00e2tel intensifient leurs collaborations dans le domaine de la sant\u00e9. Au terme de nombreux mois d\u2019un travail commun impliquant largement les acteurs du r\u00e9seau, ils viennent de mettre sous toit une strat\u00e9gie BEJUNE en mati\u00e8re de soins palliatifs portant sur les ann\u00e9es 2017 \u00e0 2027. Sa mise en oeuvre est confi\u00e9e \u00e0 l\u2019Association pour le d\u00e9veloppement des soins palliatifs BEJUNE, anciennement Association \u00c9quipe mobile en soins palliatifs (EMSP) BEJUNE dont les statuts ont \u00e9t\u00e9 adapt\u00e9s et le champ d\u2019activit\u00e9 a \u00e9t\u00e9 \u00e9largi.<\/strong><\/p>\n<p style=\"text-align: justify;\"><strong><img loading=\"lazy\" decoding=\"async\" class=\"alignright size-medium wp-image-157\" src=\"https:\/\/adsp-bejune.ch\/site\/wp-content\/uploads\/2018\/02\/StrategiePageTitre-300x197.png\" alt=\"\" width=\"300\" height=\"197\" srcset=\"https:\/\/adsp-bejune.ch\/site\/wp-content\/uploads\/2018\/02\/StrategiePageTitre-300x197.png 300w, https:\/\/adsp-bejune.ch\/site\/wp-content\/uploads\/2018\/02\/StrategiePageTitre-768x505.png 768w, https:\/\/adsp-bejune.ch\/site\/wp-content\/uploads\/2018\/02\/StrategiePageTitre-1024x673.png 1024w, https:\/\/adsp-bejune.ch\/site\/wp-content\/uploads\/2018\/02\/StrategiePageTitre-820x539.png 820w, https:\/\/adsp-bejune.ch\/site\/wp-content\/uploads\/2018\/02\/StrategiePageTitre.png 1113w\" sizes=\"auto, (max-width: 300px) 100vw, 300px\" \/><\/strong>Les trois Cantons de Berne, du Jura et de Neuch\u00e2tel collaborent depuis plusieurs ann\u00e9es dans le domaine des soins palliatifs. Ils ont notamment reconnu en 2009 le service de soins palliatifs de l\u2019H\u00f4pital neuch\u00e2telois (HNE), sur son site de La Chrysalide, comme centre de comp\u00e9tences en la mati\u00e8re pour la r\u00e9gion BEJUNE. De m\u00eame, ils ont cr\u00e9\u00e9 en 2011 une structure commune charg\u00e9e de la promotion des soins palliatifs, notamment par l\u2019exploitation d\u2019une \u00e9quipe mobile en soins palliatifs, l\u2019Association EMSP BEJUNE.<\/p>\n<p style=\"text-align: justify;\">Dans le prolongement de ces collaborations et de mani\u00e8re in\u00e9dite \u00e0 une \u00e9chelle intercantonale, une strat\u00e9gie commune a \u00e9t\u00e9 \u00e9labor\u00e9e pour le d\u00e9veloppement des soins palliatifs ces 10 prochaines ann\u00e9es.<\/p>\n<h3 style=\"text-align: justify;\">Une strat\u00e9gie en cinq axes au service d\u2019une vision commune<\/h3>\n<p style=\"text-align: justify;\">\u00ab Permettre \u00e0 l\u2019ensemble de la population de la r\u00e9gion BEJUNE l\u2019acc\u00e8s \u00e0 des soins palliatifs de qualit\u00e9 adapt\u00e9s \u00e0 la situation et aux besoins singuliers de la personne et de son entourage \u00bb : telle est la vision retenue par les trois cantons.<\/p>\n<p style=\"text-align: justify;\">La strat\u00e9gie BEJUNE est d\u00e9clin\u00e9e sous forme de 5 orientations strat\u00e9giques, comportant 15 objectifs \u00e0 atteindre par le biais de 35 mesures :<\/p>\n<ol style=\"text-align: justify;\">\n<li style=\"text-align: justify;\">renforcer la <strong>sensibilisation<\/strong> aux soins palliatifs, tant parmi les personnels soignants qu\u2019aupr\u00e8s du public ;<\/li>\n<li style=\"text-align: justify;\">garantir une <strong>offre de prestations<\/strong> conforme aux besoins ;<\/li>\n<li style=\"text-align: justify;\">am\u00e9liorer la<strong> qualit\u00e9<\/strong> des prestations propos\u00e9es ;<\/li>\n<li style=\"text-align: justify;\">mieux int\u00e9grer les soins palliatifs dans les <strong>r\u00e9seaux<\/strong> ;<\/li>\n<li style=\"text-align: justify;\">rendre les soins palliatifs <strong>efficaces dans la dur\u00e9e<\/strong>.<\/li>\n<\/ol>\n<p style=\"text-align: justify;\">Il existe actuellement d\u00e9j\u00e0 un important r\u00e9seau de professionnels\/les comp\u00e9tent-e-s assurant une prise en charge palliative de qualit\u00e9 dans la r\u00e9gion BEJUNE. Toutefois, des enqu\u00eates ont montr\u00e9 que celle-ci est perfectible : la pr\u00e9sente strat\u00e9gie entend combler les lacunes identifi\u00e9es.<\/p>\n<h3 style=\"text-align: justify;\">Un maillon important de la politique sanitaire et sociale<\/h3>\n<p style=\"text-align: justify;\">L\u2019exp\u00e9rience ainsi que la recherche montrent que les soins palliatifs sont un \u00e9l\u00e9ment indispensable pour une approche clinique de qualit\u00e9, en particulier en fin de vie, et ceci \u00e0 un prix acceptable. La (r\u00e9)admission en soins palliatifs plut\u00f4t qu\u2019en soins aigus est de 13% \u00e0 51% moins co\u00fbteuse selon les \u00e9tudes.<\/p>\n<p style=\"text-align: justify;\">Dans ce contexte, la promotion et le d\u00e9veloppement des soins palliatifs sont une n\u00e9cessit\u00e9 du point de vue de la politique sanitaire et sociale et un maillon essentiel de celle-ci.<\/p>\n<h3 style=\"text-align: justify;\">La mise en oeuvre d\u00e9bute aujourd\u2019hui<\/h3>\n<p style=\"text-align: justify;\">La pr\u00e9sente strat\u00e9gie 2017 - 2027 est con\u00e7ue pour \u00eatre d\u00e9clin\u00e9e dans les diff\u00e9rents domaines de la sant\u00e9 publique. Les actions qui en d\u00e9coulent s\u2019inscriront dans les r\u00e9alit\u00e9s de chaque canton,<br \/>\nen fonction de leur propre calendrier politique et financier. \u00c0 ce stade, de premi\u00e8res mesures communes aux trois cantons ont fait l\u2019objet de d\u00e9cisions.<\/p>\n<p style=\"text-align: justify;\">En particulier, les Cantons ont d\u00e9cid\u00e9 de confier la mise en oeuvre de cette strat\u00e9gie \u00e0 l\u2019Association pour le d\u00e9veloppement des soins palliatifs BEJUNE. Cette derni\u00e8re r\u00e9sulte d\u2019une<br \/>\nadaptation des statuts de l\u2019actuelle Association EMSP BEJUNE, dont le but et le champ d\u2019activit\u00e9 ont \u00e9t\u00e9 \u00e9largis. Les nouveaux statuts ont \u00e9t\u00e9 sign\u00e9s ce jour par les trois conseillers d\u2019\u00c9tat en<br \/>\ncharge de la sant\u00e9, MM. Pierre Alain Schnegg pour Berne, Jacques Gerber pour le Jura et Laurent Kurth pour Neuch\u00e2tel. L\u2019Association engagera rapidement une personne charg\u00e9e de<br \/>\nporter cette strat\u00e9gie BEJUNE.<\/p>\n<hr \/>\n<p>&nbsp;<\/p>\n<p><img loading=\"lazy\" decoding=\"async\" class=\"alignnone wp-image-226\" src=\"https:\/\/adsp-bejune.ch\/site\/wp-content\/uploads\/2017\/03\/symbole-de-lien-externe_318-41800-150x150.jpg\" alt=\"\" width=\"50\" height=\"50\" srcset=\"https:\/\/adsp-bejune.ch\/site\/wp-content\/uploads\/2017\/03\/symbole-de-lien-externe_318-41800-150x150.jpg 150w, https:\/\/adsp-bejune.ch\/site\/wp-content\/uploads\/2017\/03\/symbole-de-lien-externe_318-41800-300x300.jpg 300w, https:\/\/adsp-bejune.ch\/site\/wp-content\/uploads\/2017\/03\/symbole-de-lien-externe_318-41800.jpg 626w\" sizes=\"auto, (max-width: 50px) 100vw, 50px\" \/><\/p>\n<p>\u2192 <a href=\"https:\/\/adsp-bejune.ch\/site\/wp-content\/uploads\/2018\/02\/CP_strat\u00e9gie_BEJUNE_soins_palliatifs.pdf\" target=\"_blank\" rel=\"noopener\">Communiqu\u00e9 de presse au format pdf<\/a><\/p>\n<p>\u2192 <a href=\"https:\/\/adsp-bejune.ch\/site\/wp-content\/uploads\/2018\/02\/Rapport_Strat\u00e9gie-SP-BEJUNE_version-06.02.2017.pdf\" target=\"_blank\" rel=\"noopener\">Strat\u00e9gie BEJUNE en mati\u00e8re de soins palliatifs 2017-2027<\/a><\/p>\n<p>\u2192\u00a0 Annexe 1 : <a href=\"https:\/\/adsp-bejune.ch\/site\/wp-content\/uploads\/2018\/03\/Annexe1_Rapportderecherche.pdf\" target=\"_blank\" rel=\"noopener\">Rapport de recherche<\/a><\/p>\n<p>\u2192\u00a0 Annexe 2 : <a href=\"https:\/\/adsp-bejune.ch\/site\/wp-content\/uploads\/2018\/03\/Annexe2_Lesimpactsfinanciers.pdf\" target=\"_blank\" rel=\"noopener\">Les impacts financiers<\/a><\/p>\n<p>\u2192\u00a0 Annexe 3 : <a href=\"https:\/\/adsp-bejune.ch\/site\/wp-content\/uploads\/2018\/03\/Annexe3_StrategieaimprimerA3.pdf\" target=\"_blank\" rel=\"noopener\">Strat\u00e9gie \u00e0 imprimer au format A3<\/a><\/p>\n<p>&nbsp;<\/p>\n<hr \/>\n<p>&nbsp;<\/p>\n<p>&nbsp;<\/p>\n","protected":false},"excerpt":{"rendered":"<p>COMMUNIQU\u00c9 DE PRESSE Les cantons de Berne, du Jura et de Neuch\u00e2tel intensifient leurs collaborations dans le domaine de la sant\u00e9. Au terme de nombreux mois d\u2019un travail commun impliquant largement les acteurs du r\u00e9seau, ils viennent de mettre sous toit une strat\u00e9gie BEJUNE en mati\u00e8re de soins palliatifs portant sur les ann\u00e9es 2017 \u00e0 [&hellip;]<\/p>\n","protected":false},"author":2,"featured_media":314,"comment_status":"closed","ping_status":"closed","sticky":false,"template":"","format":"standard","meta":{"footnotes":""},"categories":[1,3],"tags":[],"class_list":["post-1","post","type-post","status-publish","format-standard","has-post-thumbnail","hentry","category-a-la-une","category-actualites"],"wppr_data":{"cwp_meta_box_check":"No"},"_links":{"self":[{"href":"https:\/\/adsp-bejune.ch\/site\/wp-json\/wp\/v2\/posts\/1","targetHints":{"allow":["GET"]}}],"collection":[{"href":"https:\/\/adsp-bejune.ch\/site\/wp-json\/wp\/v2\/posts"}],"about":[{"href":"https:\/\/adsp-bejune.ch\/site\/wp-json\/wp\/v2\/types\/post"}],"author":[{"embeddable":true,"href":"https:\/\/adsp-bejune.ch\/site\/wp-json\/wp\/v2\/users\/2"}],"replies":[{"embeddable":true,"href":"https:\/\/adsp-bejune.ch\/site\/wp-json\/wp\/v2\/comments?post=1"}],"version-history":[{"count":20,"href":"https:\/\/adsp-bejune.ch\/site\/wp-json\/wp\/v2\/posts\/1\/revisions"}],"predecessor-version":[{"id":417,"href":"https:\/\/adsp-bejune.ch\/site\/wp-json\/wp\/v2\/posts\/1\/revisions\/417"}],"wp:featuredmedia":[{"embeddable":true,"href":"https:\/\/adsp-bejune.ch\/site\/wp-json\/wp\/v2\/media\/314"}],"wp:attachment":[{"href":"https:\/\/adsp-bejune.ch\/site\/wp-json\/wp\/v2\/media?parent=1"}],"wp:term":[{"taxonomy":"category","embeddable":true,"href":"https:\/\/adsp-bejune.ch\/site\/wp-json\/wp\/v2\/categories?post=1"},{"taxonomy":"post_tag","embeddable":true,"href":"https:\/\/adsp-bejune.ch\/site\/wp-json\/wp\/v2\/tags?post=1"}],"curies":[{"name":"wp","href":"https:\/\/api.w.org\/{rel}","templated":true}]}}