{"id":141,"date":"2017-11-20T13:41:27","date_gmt":"2017-11-20T13:41:27","guid":{"rendered":"https:\/\/adsp-bejune.ch\/site\/?p=141"},"modified":"2018-02-27T14:04:14","modified_gmt":"2018-02-27T14:04:14","slug":"debut-des-travaux-de-mise-en-oeuvre-de-la-strategie-bejune-en-matiere-de-soins-palliatifs","status":"publish","type":"post","link":"https:\/\/adsp-bejune.ch\/site\/debut-des-travaux-de-mise-en-oeuvre-de-la-strategie-bejune-en-matiere-de-soins-palliatifs\/","title":{"rendered":"D\u00e9but des travaux de mise en \u0153uvre de la Strat\u00e9gie BEJUNE en mati\u00e8re de soins palliatifs"},"content":{"rendered":"<hr \/>\n<p style=\"text-align: justify;\">L\u2019Association pour le D\u00e9veloppement des Soins Palliatifs BEJUNE (ADSP BEJUNE), fond\u00e9e par les directions de la sant\u00e9 publique des trois cantons concern\u00e9s et charg\u00e9e de la mise en \u0153uvre de la strat\u00e9gie intercantonale en mati\u00e8re de soins palliatifs, a engag\u00e9 un chef de projet pour coordonner les travaux relatifs \u00e0 cette strat\u00e9gie.<\/p>\n<p style=\"text-align: justify;\">Nous avons le plaisir de vous annoncer le recrutement de Monsieur Cyrille Voirol qui a commenc\u00e9 son activit\u00e9 le 1er novembre 2017, \u00e0 50%. Jusqu\u2019\u00e0 pr\u00e9sent directeur du Centre de p\u00e9dagogie curative du Jura bernois (CPCJB), Monsieur Voirol pr\u00e9sente une vaste exp\u00e9rience professionnelle dans le domaine sant\u00e9-social, dont 15 ans \u00e0 la direction d\u2019institutions m\u00e9dico-sociales et socio-\u00e9ducatives. Ayant particip\u00e9 aux travaux de fondation de la Haute Ecole P\u00e9dagogique BEJUNE, il pr\u00e9sente \u00e9galement une sensibilit\u00e9 pr\u00e9cieuse en terme de collaboration intercantonale.<\/p>\n<p style=\"text-align: justify;\">Le Comit\u00e9 de Direction de l\u2019ADSP BEJUNE se r\u00e9jouit de pouvoir annoncer cette collaboration et le d\u00e9marrage prochain des travaux sur le terrain. En parall\u00e8le \u00e0 la consolidation de la structure de l\u2019association, notamment par la cr\u00e9ation d\u2019un nouveau site internet, le travail de priorisation des mesures d\u00e9clin\u00e9es dans la strat\u00e9gie et de prise de contact avec les principaux acteurs du r\u00e9seau socio-sanitaire BEJUNE va pouvoir commencer avec l\u2019entr\u00e9e en fonction de Monsieur Voirol.<\/p>\n<p style=\"text-align: justify;\">Nous savons pouvoir compter sur la pr\u00e9cieuse collaboration de tous les partenaires dans la mise en \u0153uvre de cette strat\u00e9gie et nous vous remercions de r\u00e9server un bon accueil \u00e0 Monsieur Voirol.<\/p>\n<hr \/>\n<p style=\"text-align: justify;\">\n","protected":false},"excerpt":{"rendered":"<p>L\u2019Association pour le D\u00e9veloppement des Soins Palliatifs BEJUNE (ADSP BEJUNE), fond\u00e9e par les directions de la sant\u00e9 publique des trois cantons concern\u00e9s et charg\u00e9e de la mise en \u0153uvre de la strat\u00e9gie intercantonale en mati\u00e8re de soins palliatifs, a engag\u00e9 un chef de projet pour coordonner les travaux relatifs \u00e0 cette strat\u00e9gie. Nous avons le [&hellip;]<\/p>\n","protected":false},"author":2,"featured_media":316,"comment_status":"closed","ping_status":"closed","sticky":false,"template":"","format":"standard","meta":{"footnotes":""},"categories":[1,3],"tags":[],"class_list":["post-141","post","type-post","status-publish","format-standard","has-post-thumbnail","hentry","category-a-la-une","category-actualites"],"wppr_data":{"cwp_meta_box_check":"No"},"_links":{"self":[{"href":"https:\/\/adsp-bejune.ch\/site\/wp-json\/wp\/v2\/posts\/141","targetHints":{"allow":["GET"]}}],"collection":[{"href":"https:\/\/adsp-bejune.ch\/site\/wp-json\/wp\/v2\/posts"}],"about":[{"href":"https:\/\/adsp-bejune.ch\/site\/wp-json\/wp\/v2\/types\/post"}],"author":[{"embeddable":true,"href":"https:\/\/adsp-bejune.ch\/site\/wp-json\/wp\/v2\/users\/2"}],"replies":[{"embeddable":true,"href":"https:\/\/adsp-bejune.ch\/site\/wp-json\/wp\/v2\/comments?post=141"}],"version-history":[{"count":2,"href":"https:\/\/adsp-bejune.ch\/site\/wp-json\/wp\/v2\/posts\/141\/revisions"}],"predecessor-version":[{"id":144,"href":"https:\/\/adsp-bejune.ch\/site\/wp-json\/wp\/v2\/posts\/141\/revisions\/144"}],"wp:featuredmedia":[{"embeddable":true,"href":"https:\/\/adsp-bejune.ch\/site\/wp-json\/wp\/v2\/media\/316"}],"wp:attachment":[{"href":"https:\/\/adsp-bejune.ch\/site\/wp-json\/wp\/v2\/media?parent=141"}],"wp:term":[{"taxonomy":"category","embeddable":true,"href":"https:\/\/adsp-bejune.ch\/site\/wp-json\/wp\/v2\/categories?post=141"},{"taxonomy":"post_tag","embeddable":true,"href":"https:\/\/adsp-bejune.ch\/site\/wp-json\/wp\/v2\/tags?post=141"}],"curies":[{"name":"wp","href":"https:\/\/api.w.org\/{rel}","templated":true}]}}