{"id":282,"date":"2017-03-09T20:00:55","date_gmt":"2017-03-09T20:00:55","guid":{"rendered":"https:\/\/adsp-bejune.ch\/site\/?p=282"},"modified":"2018-02-27T15:09:50","modified_gmt":"2018-02-27T15:09:50","slug":"canalalpha-des-labels-de-qualite-pour-les-soins-palliatifs","status":"publish","type":"post","link":"https:\/\/adsp-bejune.ch\/site\/canalalpha-des-labels-de-qualite-pour-les-soins-palliatifs\/","title":{"rendered":"Des labels de qualit\u00e9 pour les soins palliatifs &#8211; canalalpha"},"content":{"rendered":"<h4 style=\"text-align: center;\">REVUE DE PRESSE &amp; MEDIA<\/h4>\n<hr \/>\n<p style=\"text-align: center;\"><a href=\"http:\/\/www.canalalpha.ch\/\" target=\"_blank\" rel=\"noopener\"><img loading=\"lazy\" decoding=\"async\" class=\"aligncenter wp-image-304 size-medium\" src=\"https:\/\/adsp-bejune.ch\/site\/wp-content\/uploads\/2018\/02\/logo-canalalpha-300x158.png\" alt=\"\" width=\"300\" height=\"158\" srcset=\"https:\/\/adsp-bejune.ch\/site\/wp-content\/uploads\/2018\/02\/logo-canalalpha-300x158.png 300w, https:\/\/adsp-bejune.ch\/site\/wp-content\/uploads\/2018\/02\/logo-canalalpha.png 310w\" sizes=\"auto, (max-width: 300px) 100vw, 300px\" \/><\/a>Emission de canal alpha du 9 mars 2017<\/p>\n<hr \/>\n<p><a href=\"http:\/\/www.canalalpha.ch\/actu\/des-labels-de-qualite-pour-les-soins-palliatifs\/\" target=\"_blank\" rel=\"noopener\"><img loading=\"lazy\" decoding=\"async\" class=\"aligncenter wp-image-312 size-large\" src=\"https:\/\/adsp-bejune.ch\/site\/wp-content\/uploads\/2017\/03\/canalalpha-cbernet-1024x544.png\" alt=\"\" width=\"1024\" height=\"544\" srcset=\"https:\/\/adsp-bejune.ch\/site\/wp-content\/uploads\/2017\/03\/canalalpha-cbernet-1024x544.png 1024w, https:\/\/adsp-bejune.ch\/site\/wp-content\/uploads\/2017\/03\/canalalpha-cbernet-300x159.png 300w, https:\/\/adsp-bejune.ch\/site\/wp-content\/uploads\/2017\/03\/canalalpha-cbernet-768x408.png 768w, https:\/\/adsp-bejune.ch\/site\/wp-content\/uploads\/2017\/03\/canalalpha-cbernet-820x436.png 820w, https:\/\/adsp-bejune.ch\/site\/wp-content\/uploads\/2017\/03\/canalalpha-cbernet.png 1033w\" sizes=\"auto, (max-width: 1024px) 100vw, 1024px\" \/><\/a><\/p>\n<hr \/>\n<p style=\"text-align: center;\">\n<p style=\"text-align: justify;\">Avec l\u2019augmentation de l\u2019esp\u00e9rance de vie, il faudra s\u2019attendre \u00e0 devoir d\u00e9velopper les soins palliatifs. Un domaine o\u00f9 les soignants cherchent \u00e0 \u00eatre toujours plus performants. Deux institutions de l\u2019arc jurassien viennent de d\u00e9crocher le label qualit\u00e9 national, qui valide l\u2019excellence de la prise en charge. Il s\u2019agit de l\u2019Equipe mobile en soins palliatifs (EMSP), de l\u2019espace BEJUNE, ainsi que du centre de soins palliatifs de la Chrysalide \u00e0 La Chaux-de-Fonds. Christian Bernet, m\u00e9decin-chef de l\u2019EMSP BEJUNE nous explique ce que cette certification peut leur apporter.<\/p>\n<hr \/>\n<p>&nbsp;<\/p>\n<p style=\"text-align: justify;\">\u2192\u00a0 <a href=\"http:\/\/www.canalalpha.ch\/actu\/des-labels-de-qualite-pour-les-soins-palliatifs\/\" target=\"_blank\" rel=\"noopener\">Voir l'\u00e9mission sur le site de Canal Alpha<\/a><\/p>\n<p>&nbsp;<\/p>\n<hr \/>\n<p>&nbsp;<\/p>\n","protected":false},"excerpt":{"rendered":"<p>REVUE DE PRESSE &amp; MEDIA Emission de canal alpha du 9 mars 2017 Avec l\u2019augmentation de l\u2019esp\u00e9rance de vie, il faudra s\u2019attendre \u00e0 devoir d\u00e9velopper les soins palliatifs. Un domaine o\u00f9 les soignants cherchent \u00e0 \u00eatre toujours plus performants. Deux institutions de l\u2019arc jurassien viennent de d\u00e9crocher le label qualit\u00e9 national, qui valide l\u2019excellence de [&hellip;]<\/p>\n","protected":false},"author":2,"featured_media":312,"comment_status":"closed","ping_status":"closed","sticky":false,"template":"","format":"standard","meta":{"footnotes":""},"categories":[1,9],"tags":[8],"class_list":["post-282","post","type-post","status-publish","format-standard","has-post-thumbnail","hentry","category-a-la-une","category-presse-et-medias","tag-canalalpha"],"wppr_data":[],"_links":{"self":[{"href":"https:\/\/adsp-bejune.ch\/site\/wp-json\/wp\/v2\/posts\/282","targetHints":{"allow":["GET"]}}],"collection":[{"href":"https:\/\/adsp-bejune.ch\/site\/wp-json\/wp\/v2\/posts"}],"about":[{"href":"https:\/\/adsp-bejune.ch\/site\/wp-json\/wp\/v2\/types\/post"}],"author":[{"embeddable":true,"href":"https:\/\/adsp-bejune.ch\/site\/wp-json\/wp\/v2\/users\/2"}],"replies":[{"embeddable":true,"href":"https:\/\/adsp-bejune.ch\/site\/wp-json\/wp\/v2\/comments?post=282"}],"version-history":[{"count":27,"href":"https:\/\/adsp-bejune.ch\/site\/wp-json\/wp\/v2\/posts\/282\/revisions"}],"predecessor-version":[{"id":325,"href":"https:\/\/adsp-bejune.ch\/site\/wp-json\/wp\/v2\/posts\/282\/revisions\/325"}],"wp:featuredmedia":[{"embeddable":true,"href":"https:\/\/adsp-bejune.ch\/site\/wp-json\/wp\/v2\/media\/312"}],"wp:attachment":[{"href":"https:\/\/adsp-bejune.ch\/site\/wp-json\/wp\/v2\/media?parent=282"}],"wp:term":[{"taxonomy":"category","embeddable":true,"href":"https:\/\/adsp-bejune.ch\/site\/wp-json\/wp\/v2\/categories?post=282"},{"taxonomy":"post_tag","embeddable":true,"href":"https:\/\/adsp-bejune.ch\/site\/wp-json\/wp\/v2\/tags?post=282"}],"curies":[{"name":"wp","href":"https:\/\/api.w.org\/{rel}","templated":true}]}}