{"id":317,"date":"2014-07-23T20:00:05","date_gmt":"2014-07-23T20:00:05","guid":{"rendered":"https:\/\/adsp-bejune.ch\/site\/?p=317"},"modified":"2018-02-27T15:09:56","modified_gmt":"2018-02-27T15:09:56","slug":"canalalpha-bejune-sorganise-en-matiere-de-soins-palliatifs","status":"publish","type":"post","link":"https:\/\/adsp-bejune.ch\/site\/canalalpha-bejune-sorganise-en-matiere-de-soins-palliatifs\/","title":{"rendered":"BEJUNE s\u2019organise en mati\u00e8re de soins palliatifs &#8211; canalalpha"},"content":{"rendered":"<h4 style=\"text-align: center;\">REVUE DE PRESSE &amp; MEDIA<\/h4>\n<hr \/>\n<p style=\"text-align: center;\"><a href=\"http:\/\/www.canalalpha.ch\/\" target=\"_blank\" rel=\"noopener\"><img loading=\"lazy\" decoding=\"async\" class=\"aligncenter wp-image-304 size-medium\" src=\"https:\/\/adsp-bejune.ch\/site\/wp-content\/uploads\/2018\/02\/logo-canalalpha-300x158.png\" alt=\"\" width=\"300\" height=\"158\" srcset=\"https:\/\/adsp-bejune.ch\/site\/wp-content\/uploads\/2018\/02\/logo-canalalpha-300x158.png 300w, https:\/\/adsp-bejune.ch\/site\/wp-content\/uploads\/2018\/02\/logo-canalalpha.png 310w\" sizes=\"auto, (max-width: 300px) 100vw, 300px\" \/><\/a>Emission de canal alpha du 23 juillet 2014<\/p>\n<hr \/>\n<p><a href=\"http:\/\/www.canalalpha.ch\/actu\/bejune-sorganise-en-matiere-de-soins-palliatifs\/\" target=\"_blank\" rel=\"noopener\"><img loading=\"lazy\" decoding=\"async\" class=\"aligncenter wp-image-318 size-large\" src=\"https:\/\/adsp-bejune.ch\/site\/wp-content\/uploads\/2018\/02\/canalalpha-scs-1024x549.png\" alt=\"\" width=\"1024\" height=\"549\" srcset=\"https:\/\/adsp-bejune.ch\/site\/wp-content\/uploads\/2018\/02\/canalalpha-scs-1024x549.png 1024w, https:\/\/adsp-bejune.ch\/site\/wp-content\/uploads\/2018\/02\/canalalpha-scs-300x161.png 300w, https:\/\/adsp-bejune.ch\/site\/wp-content\/uploads\/2018\/02\/canalalpha-scs-768x412.png 768w, https:\/\/adsp-bejune.ch\/site\/wp-content\/uploads\/2018\/02\/canalalpha-scs-820x440.png 820w, https:\/\/adsp-bejune.ch\/site\/wp-content\/uploads\/2018\/02\/canalalpha-scs.png 1033w\" sizes=\"auto, (max-width: 1024px) 100vw, 1024px\" \/><\/a><\/p>\n<hr \/>\n<p style=\"text-align: justify;\">Les cantons du Jura, de Neuch\u00e2tel et de Berne \u00e9laborent ensemble une strat\u00e9gie commune en mati\u00e8re de soins palliatifs. La r\u00e9alisation de ce projet a \u00e9t\u00e9 confi\u00e9e \u00e0 l\u2019Equipe mobile en soins palliatifs BEJUNE, dont la vice-pr\u00e9sidente du comit\u00e9 de direction est Sophie Chevrey-Schaller, sous la supervision des services de sant\u00e9 publique des trois cantons. Un chef de projet sera engag\u00e9 pour une dur\u00e9e de 16 mois pour mener \u00e0 bien ces travaux. La nouvelle strat\u00e9gie devrait \u00eatre finalis\u00e9e \u00e0 la fin de l\u2019ann\u00e9e 2015.<\/p>\n<hr \/>\n<p>&nbsp;<\/p>\n<p style=\"text-align: justify;\">\u2192\u00a0 <a href=\"http:\/\/www.canalalpha.ch\/actu\/bejune-sorganise-en-matiere-de-soins-palliatifs\/\" target=\"_blank\" rel=\"noopener\">Voir l'\u00e9mission sur le site de Canal Alpha<\/a><\/p>\n<p>&nbsp;<\/p>\n<hr \/>\n<p>&nbsp;<\/p>\n","protected":false},"excerpt":{"rendered":"<p>REVUE DE PRESSE &amp; MEDIA Emission de canal alpha du 23 juillet 2014 Les cantons du Jura, de Neuch\u00e2tel et de Berne \u00e9laborent ensemble une strat\u00e9gie commune en mati\u00e8re de soins palliatifs. La r\u00e9alisation de ce projet a \u00e9t\u00e9 confi\u00e9e \u00e0 l\u2019Equipe mobile en soins palliatifs BEJUNE, dont la vice-pr\u00e9sidente du comit\u00e9 de direction est [&hellip;]<\/p>\n","protected":false},"author":2,"featured_media":318,"comment_status":"closed","ping_status":"closed","sticky":false,"template":"","format":"standard","meta":{"footnotes":""},"categories":[1,9],"tags":[],"class_list":["post-317","post","type-post","status-publish","format-standard","has-post-thumbnail","hentry","category-a-la-une","category-presse-et-medias"],"wppr_data":[],"_links":{"self":[{"href":"https:\/\/adsp-bejune.ch\/site\/wp-json\/wp\/v2\/posts\/317","targetHints":{"allow":["GET"]}}],"collection":[{"href":"https:\/\/adsp-bejune.ch\/site\/wp-json\/wp\/v2\/posts"}],"about":[{"href":"https:\/\/adsp-bejune.ch\/site\/wp-json\/wp\/v2\/types\/post"}],"author":[{"embeddable":true,"href":"https:\/\/adsp-bejune.ch\/site\/wp-json\/wp\/v2\/users\/2"}],"replies":[{"embeddable":true,"href":"https:\/\/adsp-bejune.ch\/site\/wp-json\/wp\/v2\/comments?post=317"}],"version-history":[{"count":2,"href":"https:\/\/adsp-bejune.ch\/site\/wp-json\/wp\/v2\/posts\/317\/revisions"}],"predecessor-version":[{"id":326,"href":"https:\/\/adsp-bejune.ch\/site\/wp-json\/wp\/v2\/posts\/317\/revisions\/326"}],"wp:featuredmedia":[{"embeddable":true,"href":"https:\/\/adsp-bejune.ch\/site\/wp-json\/wp\/v2\/media\/318"}],"wp:attachment":[{"href":"https:\/\/adsp-bejune.ch\/site\/wp-json\/wp\/v2\/media?parent=317"}],"wp:term":[{"taxonomy":"category","embeddable":true,"href":"https:\/\/adsp-bejune.ch\/site\/wp-json\/wp\/v2\/categories?post=317"},{"taxonomy":"post_tag","embeddable":true,"href":"https:\/\/adsp-bejune.ch\/site\/wp-json\/wp\/v2\/tags?post=317"}],"curies":[{"name":"wp","href":"https:\/\/api.w.org\/{rel}","templated":true}]}}