{"id":331,"date":"2017-05-13T20:00:12","date_gmt":"2017-05-13T20:00:12","guid":{"rendered":"https:\/\/adsp-bejune.ch\/site\/?p=331"},"modified":"2018-03-23T13:49:50","modified_gmt":"2018-03-23T13:49:50","slug":"nourrir-de-plaisir-un-cuisinier-en-soins-palliatifs-rts","status":"publish","type":"post","link":"https:\/\/adsp-bejune.ch\/site\/nourrir-de-plaisir-un-cuisinier-en-soins-palliatifs-rts\/","title":{"rendered":"Nourrir de plaisir: un cuisinier en soins palliatifs &#8211; RTS"},"content":{"rendered":"<h4 style=\"text-align: center;\">REVUE DE PRESSE &amp; MEDIA<\/h4>\n<hr \/>\n<p style=\"text-align: center;\"><img loading=\"lazy\" decoding=\"async\" class=\"aligncenter size-full wp-image-332\" src=\"https:\/\/adsp-bejune.ch\/site\/wp-content\/uploads\/2018\/02\/logo-rts.jpg\" alt=\"\" width=\"270\" height=\"160\" \/>Emission Faut pas croire de la RTS du 13 mai 2017<\/p>\n<hr \/>\n<p><a href=\"https:\/\/www.rts.ch\/play\/tv\/faut-pas-croire\/video\/nourrir-de-plaisir-un-cuisinier-en-soins-palliatifs?id=8618607&amp;station=a9e7621504c6959e35c3ecbe7f6bed0446cdf8da\" target=\"_blank\" rel=\"noopener\"><img loading=\"lazy\" decoding=\"async\" class=\"aligncenter wp-image-333 size-full\" src=\"https:\/\/adsp-bejune.ch\/site\/wp-content\/uploads\/2018\/02\/canalalpha-cuisinier.png\" alt=\"\" width=\"880\" height=\"438\" srcset=\"https:\/\/adsp-bejune.ch\/site\/wp-content\/uploads\/2018\/02\/canalalpha-cuisinier.png 880w, https:\/\/adsp-bejune.ch\/site\/wp-content\/uploads\/2018\/02\/canalalpha-cuisinier-300x149.png 300w, https:\/\/adsp-bejune.ch\/site\/wp-content\/uploads\/2018\/02\/canalalpha-cuisinier-768x382.png 768w, https:\/\/adsp-bejune.ch\/site\/wp-content\/uploads\/2018\/02\/canalalpha-cuisinier-820x408.png 820w\" sizes=\"auto, (max-width: 880px) 100vw, 880px\" \/><\/a><\/p>\n<hr \/>\n<p style=\"text-align: justify;\">Lorsque la maladie progresse inexorablement et que la vie touche \u00e0 sa fin, l\u2019app\u00e9tit s\u2019en va, petit \u00e0 petit. Mais se nourrir peut rester un plaisir si les plats sont adapt\u00e9s \u00e0 l\u2019estomac, aux d\u00e9sirs et aux go\u00fbts du malade. Laurent Guillot, cuisinier au centre de soins palliatifs la Chrysalide, \u00e0 La Chaux-de-fonds, transforme les tristes aliments mix\u00e9s en plats gastronomiques, pour le plus grand plaisir de la bouche et des yeux. Quelle place les repas tiennent-ils dans le quotidien d\u2019une personne en fin de vie ? La nourriture raccroche-t-elle \u00e0 la vie ? Peut-on encore go\u00fbter le plaisir des sens ? Reportage de Rapha\u00ebl van Singer suivi d\u2019un plateau avec Michel P\u00e9termann, Directeur du centre de soins palliatifs Rive Neuve et Isabelle Pellaz, s\u0153ur d\u2019une patiente de Rive Neuve.<\/p>\n<hr \/>\n<p>&nbsp;<\/p>\n<p style=\"text-align: justify;\">\u2192\u00a0 <a href=\"https:\/\/www.rts.ch\/play\/tv\/faut-pas-croire\/video\/nourrir-de-plaisir-un-cuisinier-en-soins-palliatifs?id=8618607&amp;station=a9e7621504c6959e35c3ecbe7f6bed0446cdf8da\" target=\"_blank\" rel=\"noopener\">Voir l'\u00e9mission sur le site de la RST<\/a><\/p>\n<p>&nbsp;<\/p>\n<hr \/>\n<p>&nbsp;<\/p>\n","protected":false},"excerpt":{"rendered":"<p>REVUE DE PRESSE &amp; MEDIA Emission Faut pas croire de la RTS du 13 mai 2017 Lorsque la maladie progresse inexorablement et que la vie touche \u00e0 sa fin, l\u2019app\u00e9tit s\u2019en va, petit \u00e0 petit. Mais se nourrir peut rester un plaisir si les plats sont adapt\u00e9s \u00e0 l\u2019estomac, aux d\u00e9sirs et aux go\u00fbts du [&hellip;]<\/p>\n","protected":false},"author":2,"featured_media":333,"comment_status":"closed","ping_status":"closed","sticky":false,"template":"","format":"standard","meta":{"footnotes":""},"categories":[1,9],"tags":[],"class_list":["post-331","post","type-post","status-publish","format-standard","has-post-thumbnail","hentry","category-a-la-une","category-presse-et-medias"],"wppr_data":{"cwp_meta_box_check":"No"},"_links":{"self":[{"href":"https:\/\/adsp-bejune.ch\/site\/wp-json\/wp\/v2\/posts\/331","targetHints":{"allow":["GET"]}}],"collection":[{"href":"https:\/\/adsp-bejune.ch\/site\/wp-json\/wp\/v2\/posts"}],"about":[{"href":"https:\/\/adsp-bejune.ch\/site\/wp-json\/wp\/v2\/types\/post"}],"author":[{"embeddable":true,"href":"https:\/\/adsp-bejune.ch\/site\/wp-json\/wp\/v2\/users\/2"}],"replies":[{"embeddable":true,"href":"https:\/\/adsp-bejune.ch\/site\/wp-json\/wp\/v2\/comments?post=331"}],"version-history":[{"count":2,"href":"https:\/\/adsp-bejune.ch\/site\/wp-json\/wp\/v2\/posts\/331\/revisions"}],"predecessor-version":[{"id":424,"href":"https:\/\/adsp-bejune.ch\/site\/wp-json\/wp\/v2\/posts\/331\/revisions\/424"}],"wp:featuredmedia":[{"embeddable":true,"href":"https:\/\/adsp-bejune.ch\/site\/wp-json\/wp\/v2\/media\/333"}],"wp:attachment":[{"href":"https:\/\/adsp-bejune.ch\/site\/wp-json\/wp\/v2\/media?parent=331"}],"wp:term":[{"taxonomy":"category","embeddable":true,"href":"https:\/\/adsp-bejune.ch\/site\/wp-json\/wp\/v2\/categories?post=331"},{"taxonomy":"post_tag","embeddable":true,"href":"https:\/\/adsp-bejune.ch\/site\/wp-json\/wp\/v2\/tags?post=331"}],"curies":[{"name":"wp","href":"https:\/\/api.w.org\/{rel}","templated":true}]}}