{"id":386,"date":"2017-03-13T20:00:03","date_gmt":"2017-03-13T20:00:03","guid":{"rendered":"https:\/\/adsp-bejune.ch\/site\/?p=386"},"modified":"2019-01-07T13:24:27","modified_gmt":"2019-01-07T13:24:27","slug":"soins-palliatifs-trois-cantons-une-vision-rjb-rtn-rfj","status":"publish","type":"post","link":"https:\/\/adsp-bejune.ch\/site\/soins-palliatifs-trois-cantons-une-vision-rjb-rtn-rfj\/","title":{"rendered":"Soins palliatifs : trois cantons, une vision &#8211; RJB RTN RFJ"},"content":{"rendered":"<h4 style=\"text-align: center;\">REVUE DE PRESSE &amp; MEDIA<\/h4>\n<hr \/>\n<p style=\"text-align: center;\"><img loading=\"lazy\" decoding=\"async\" class=\"aligncenter size-medium wp-image-387\" src=\"https:\/\/adsp-bejune.ch\/site\/wp-content\/uploads\/2018\/03\/logo-rjbrtnrfj-300x54.jpg\" alt=\"\" width=\"300\" height=\"54\" srcset=\"https:\/\/adsp-bejune.ch\/site\/wp-content\/uploads\/2018\/03\/logo-rjbrtnrfj-300x54.jpg 300w, https:\/\/adsp-bejune.ch\/site\/wp-content\/uploads\/2018\/03\/logo-rjbrtnrfj-768x138.jpg 768w, https:\/\/adsp-bejune.ch\/site\/wp-content\/uploads\/2018\/03\/logo-rjbrtnrfj-1024x184.jpg 1024w, https:\/\/adsp-bejune.ch\/site\/wp-content\/uploads\/2018\/03\/logo-rjbrtnrfj-820x147.jpg 820w\" sizes=\"auto, (max-width: 300px) 100vw, 300px\" \/>Article en ligne du 13 mars 2017<\/p>\n<hr \/>\n<p><img loading=\"lazy\" decoding=\"async\" class=\"aligncenter wp-image-388 size-large\" src=\"https:\/\/adsp-bejune.ch\/site\/wp-content\/uploads\/2018\/03\/425364-1024x688.jpg\" alt=\"\" width=\"1024\" height=\"688\" srcset=\"https:\/\/adsp-bejune.ch\/site\/wp-content\/uploads\/2018\/03\/425364-1024x688.jpg 1024w, https:\/\/adsp-bejune.ch\/site\/wp-content\/uploads\/2018\/03\/425364-300x201.jpg 300w, https:\/\/adsp-bejune.ch\/site\/wp-content\/uploads\/2018\/03\/425364-768x516.jpg 768w, https:\/\/adsp-bejune.ch\/site\/wp-content\/uploads\/2018\/03\/425364-820x551.jpg 820w, https:\/\/adsp-bejune.ch\/site\/wp-content\/uploads\/2018\/03\/425364.jpg 1199w\" sizes=\"auto, (max-width: 1024px) 100vw, 1024px\" \/><\/p>\n<hr \/>\n<p style=\"text-align: justify;\">Les cantons de Berne, du Jura et de Neuch\u00e2tel ont pr\u00e9sent\u00e9 lundi leur strat\u00e9gie commune en mati\u00e8re de soins palliatifs pour les dix ans \u00e0 venir<\/p>\n<hr \/>\n<p style=\"text-align: justify;\">\u2192\u00a0 <a href=\"https:\/\/www.rjb.ch\/rjb\/Actualite\/Region\/20170313-Soins-palliatifs-trois-cantons-une-vision.html\" target=\"_blank\" rel=\"noopener\">Lire l'article sur le site de RJB<\/a><\/p>\n<p>\u2192\u00a0 <a href=\"https:\/\/www.rfj.ch\/rfj\/Actualite\/Region\/20170313-Soins-palliatifs-trois-cantons-une-vision.html\" target=\"_blank\" rel=\"noopener\">Lire l'article sur le site de RFJ<\/a><\/p>\n<p>\u2192\u00a0 <a href=\"https:\/\/www.rtn.ch\/rtn\/Actualite\/Region\/20170313-Soins-palliatifs-trois-cantons-une-vision.html\" target=\"_blank\" rel=\"noopener\">Lire l'article sur le site de RTN<\/a><\/p>\n<hr \/>\n","protected":false},"excerpt":{"rendered":"<p>REVUE DE PRESSE &amp; MEDIA Article en ligne du 13 mars 2017 Les cantons de Berne, du Jura et de Neuch\u00e2tel ont pr\u00e9sent\u00e9 lundi leur strat\u00e9gie commune en mati\u00e8re de soins palliatifs pour les dix ans \u00e0 venir \u2192\u00a0 Lire l&rsquo;article sur le site de RJB \u2192\u00a0 Lire l&rsquo;article sur le site de RFJ \u2192\u00a0 [&hellip;]<\/p>\n","protected":false},"author":2,"featured_media":388,"comment_status":"closed","ping_status":"closed","sticky":false,"template":"","format":"standard","meta":{"footnotes":""},"categories":[1,9],"tags":[],"class_list":["post-386","post","type-post","status-publish","format-standard","has-post-thumbnail","hentry","category-a-la-une","category-presse-et-medias"],"wppr_data":{"cwp_meta_box_check":"No"},"_links":{"self":[{"href":"https:\/\/adsp-bejune.ch\/site\/wp-json\/wp\/v2\/posts\/386","targetHints":{"allow":["GET"]}}],"collection":[{"href":"https:\/\/adsp-bejune.ch\/site\/wp-json\/wp\/v2\/posts"}],"about":[{"href":"https:\/\/adsp-bejune.ch\/site\/wp-json\/wp\/v2\/types\/post"}],"author":[{"embeddable":true,"href":"https:\/\/adsp-bejune.ch\/site\/wp-json\/wp\/v2\/users\/2"}],"replies":[{"embeddable":true,"href":"https:\/\/adsp-bejune.ch\/site\/wp-json\/wp\/v2\/comments?post=386"}],"version-history":[{"count":2,"href":"https:\/\/adsp-bejune.ch\/site\/wp-json\/wp\/v2\/posts\/386\/revisions"}],"predecessor-version":[{"id":469,"href":"https:\/\/adsp-bejune.ch\/site\/wp-json\/wp\/v2\/posts\/386\/revisions\/469"}],"wp:featuredmedia":[{"embeddable":true,"href":"https:\/\/adsp-bejune.ch\/site\/wp-json\/wp\/v2\/media\/388"}],"wp:attachment":[{"href":"https:\/\/adsp-bejune.ch\/site\/wp-json\/wp\/v2\/media?parent=386"}],"wp:term":[{"taxonomy":"category","embeddable":true,"href":"https:\/\/adsp-bejune.ch\/site\/wp-json\/wp\/v2\/categories?post=386"},{"taxonomy":"post_tag","embeddable":true,"href":"https:\/\/adsp-bejune.ch\/site\/wp-json\/wp\/v2\/tags?post=386"}],"curies":[{"name":"wp","href":"https:\/\/api.w.org\/{rel}","templated":true}]}}