{"id":599,"date":"2019-05-16T08:36:18","date_gmt":"2019-05-16T08:36:18","guid":{"rendered":"https:\/\/adsp-bejune.ch\/site\/?p=599"},"modified":"2019-05-16T11:20:22","modified_gmt":"2019-05-16T11:20:22","slug":"donner-de-la-visibilite-aux-soins-palliatifs","status":"publish","type":"post","link":"https:\/\/adsp-bejune.ch\/site\/donner-de-la-visibilite-aux-soins-palliatifs\/","title":{"rendered":"Donner de la visibilit\u00e9 aux soins palliatifs !"},"content":{"rendered":"<hr \/>\n<p>\u2192 <a href=\"https:\/\/mailchi.mp\/b3407923171a\/palliactif201905pro\">lettre d'information de mai 2019 destin\u00e9e aux professionnels<\/a><\/p>\n<hr \/>\n<p class=\"null\" style=\"text-align: justify;\">Les soins palliatifs sont mis en oeuvre quotidiennement dans de tr\u00e8s nombreux services et institutions de la r\u00e9gion BEJUNE (*). Pourtant cette approche des soins est encore trop souvent m\u00e9connue, tant par les professionnels que par la population.\u00a0<\/p>\n<div style=\"text-align: justify;\">\n<div>\n<p><em>(*) soit les cantons de Berne (pour l'arrondissement administratif du Jura bernois), du Jura et de Neuch\u00e2tel.<\/em><\/p>\n<p>L'Association pour le d\u00e9veloppement des soins palliatifs BEJUNE (ADSP BEJUNE), sur mandat des trois cantons, est charg\u00e9e de mettre en oeuvre la\u00a0<a href=\"https:\/\/adsp-bejune.ch\/site\/la-strategie\/\" target=\"_blank\" rel=\"noopener noreferrer\" data-cke-saved-href=\"https:\/\/adsp-bejune.ch\/site\/la-strategie\/\">strat\u00e9gie BEJUNE en mati\u00e8re de soins palliatifs<\/a>.<\/p>\n<p>L'un des enjeux est de faire conna\u00eetre les soins palliatifs \u00e0 la population et aux professionnels. Une strat\u00e9gie de communication\u00a0a \u00e9t\u00e9 d\u00e9finie avec l'Agence Giorgianni &amp;\u00a0Moeschler\u00a0de Tavannes avec qui nous collaborons pour sa r\u00e9alisation et la cr\u00e9ation des moyens de communication.<\/p>\n<\/div>\n<\/div>\n<div><img loading=\"lazy\" decoding=\"async\" class=\"aligncenter wp-image-547 size-large\" src=\"https:\/\/adsp-bejune.ch\/site\/wp-content\/uploads\/2019\/05\/ImgStratComElementsViolet-1024x339.png\" alt=\"\" width=\"1024\" height=\"339\" srcset=\"https:\/\/adsp-bejune.ch\/site\/wp-content\/uploads\/2019\/05\/ImgStratComElementsViolet-1024x339.png 1024w, https:\/\/adsp-bejune.ch\/site\/wp-content\/uploads\/2019\/05\/ImgStratComElementsViolet-300x99.png 300w, https:\/\/adsp-bejune.ch\/site\/wp-content\/uploads\/2019\/05\/ImgStratComElementsViolet-768x254.png 768w, https:\/\/adsp-bejune.ch\/site\/wp-content\/uploads\/2019\/05\/ImgStratComElementsViolet-50x17.png 50w, https:\/\/adsp-bejune.ch\/site\/wp-content\/uploads\/2019\/05\/ImgStratComElementsViolet-820x271.png 820w, https:\/\/adsp-bejune.ch\/site\/wp-content\/uploads\/2019\/05\/ImgStratComElementsViolet.png 1321w\" sizes=\"auto, (max-width: 1024px) 100vw, 1024px\" \/><\/div>\n<div>\n<p style=\"text-align: justify;\">Dans ce cadre, nous voulons offrir une vitrine pour pr\u00e9senter les soins palliatifs et les prestataires de notre r\u00e9gion. Cela implique une mise en r\u00e9seau des acteurs qui sera concr\u00e9tis\u00e9e\u00a0par trois vecteurs de communication :<\/p>\n<div>\n<ul>\n<li style=\"text-align: justify;\">la\u00a0lettre d'information,<\/li>\n<li style=\"text-align: justify;\">la\u00a0charte des acteurs du r\u00e9seau des soins palliatifs BEJUNE,<\/li>\n<li style=\"text-align: justify;\">la\u00a0plateforme <strong><em>palli<\/em><\/strong>actif (vitrine commune).<\/li>\n<\/ul>\n<hr \/>\n<p>\u2192 <a href=\"https:\/\/mailchi.mp\/b3407923171a\/palliactif201905pro\">lettre d'information de mai 2019 destin\u00e9e aux professionnels<\/a><\/p>\n<p>\u2192 <a href=\"https:\/\/adsp-bejune.ch\/site\/palliactif\/inscription-a-la-lettre-dinformation\/\">s'inscrire \u00e0 la lettre d'information<\/a><\/p>\n<p>\u2192 <a href=\"https:\/\/adsp-bejune.ch\/site\/palliactif\/charte\/\">charte des acteurs du r\u00e9seau des soins palliatifs BEJUNE<\/a><\/p>\n<p>\u2192 <a href=\"https:\/\/adsp-bejune.ch\/site\/palliactif\/\">plateforme <strong><em>palli<\/em><\/strong>actif<\/a><\/p>\n<hr \/>\n<p><a href=\"http:\/\/palliactif.ch\" target=\"_blank\" rel=\"noopener noreferrer\"><img loading=\"lazy\" decoding=\"async\" class=\"aligncenter wp-image-525 size-medium\" src=\"https:\/\/adsp-bejune.ch\/site\/wp-content\/uploads\/2019\/05\/PALLI_Violet-300x100.png\" alt=\"\" width=\"300\" height=\"100\" srcset=\"https:\/\/adsp-bejune.ch\/site\/wp-content\/uploads\/2019\/05\/PALLI_Violet-300x100.png 300w, https:\/\/adsp-bejune.ch\/site\/wp-content\/uploads\/2019\/05\/PALLI_Violet-768x256.png 768w, https:\/\/adsp-bejune.ch\/site\/wp-content\/uploads\/2019\/05\/PALLI_Violet-1024x341.png 1024w, https:\/\/adsp-bejune.ch\/site\/wp-content\/uploads\/2019\/05\/PALLI_Violet-50x17.png 50w, https:\/\/adsp-bejune.ch\/site\/wp-content\/uploads\/2019\/05\/PALLI_Violet-820x273.png 820w\" sizes=\"auto, (max-width: 300px) 100vw, 300px\" \/><\/a><\/p>\n<\/div>\n<\/div>\n","protected":false},"excerpt":{"rendered":"<p>\u2192 lettre d&rsquo;information de mai 2019 destin\u00e9e aux professionnels Les soins palliatifs sont mis en oeuvre quotidiennement dans de tr\u00e8s nombreux services et institutions de la r\u00e9gion BEJUNE (*). Pourtant cette approche des soins est encore trop souvent m\u00e9connue, tant par les professionnels que par la population.\u00a0 (*) soit les cantons de Berne (pour l&rsquo;arrondissement [&hellip;]<\/p>\n","protected":false},"author":1,"featured_media":600,"comment_status":"closed","ping_status":"closed","sticky":false,"template":"","format":"standard","meta":{"footnotes":""},"categories":[1,3],"tags":[],"class_list":["post-599","post","type-post","status-publish","format-standard","has-post-thumbnail","hentry","category-a-la-une","category-actualites"],"wppr_data":{"cwp_meta_box_check":"No"},"_links":{"self":[{"href":"https:\/\/adsp-bejune.ch\/site\/wp-json\/wp\/v2\/posts\/599","targetHints":{"allow":["GET"]}}],"collection":[{"href":"https:\/\/adsp-bejune.ch\/site\/wp-json\/wp\/v2\/posts"}],"about":[{"href":"https:\/\/adsp-bejune.ch\/site\/wp-json\/wp\/v2\/types\/post"}],"author":[{"embeddable":true,"href":"https:\/\/adsp-bejune.ch\/site\/wp-json\/wp\/v2\/users\/1"}],"replies":[{"embeddable":true,"href":"https:\/\/adsp-bejune.ch\/site\/wp-json\/wp\/v2\/comments?post=599"}],"version-history":[{"count":10,"href":"https:\/\/adsp-bejune.ch\/site\/wp-json\/wp\/v2\/posts\/599\/revisions"}],"predecessor-version":[{"id":611,"href":"https:\/\/adsp-bejune.ch\/site\/wp-json\/wp\/v2\/posts\/599\/revisions\/611"}],"wp:featuredmedia":[{"embeddable":true,"href":"https:\/\/adsp-bejune.ch\/site\/wp-json\/wp\/v2\/media\/600"}],"wp:attachment":[{"href":"https:\/\/adsp-bejune.ch\/site\/wp-json\/wp\/v2\/media?parent=599"}],"wp:term":[{"taxonomy":"category","embeddable":true,"href":"https:\/\/adsp-bejune.ch\/site\/wp-json\/wp\/v2\/categories?post=599"},{"taxonomy":"post_tag","embeddable":true,"href":"https:\/\/adsp-bejune.ch\/site\/wp-json\/wp\/v2\/tags?post=599"}],"curies":[{"name":"wp","href":"https:\/\/api.w.org\/{rel}","templated":true}]}}