{"id":691,"date":"2019-09-23T19:00:47","date_gmt":"2019-09-23T19:00:47","guid":{"rendered":"https:\/\/adsp-bejune.ch\/site\/?p=691"},"modified":"2019-09-24T14:40:06","modified_gmt":"2019-09-24T14:40:06","slug":"une-plateforme-intercantonale-pour-les-soins-palliatifs-canalalpha","status":"publish","type":"post","link":"https:\/\/adsp-bejune.ch\/site\/une-plateforme-intercantonale-pour-les-soins-palliatifs-canalalpha\/","title":{"rendered":"Une plateforme intercantonale pour les soins palliatifs &#8211; canalalpha"},"content":{"rendered":"<h4 style=\"text-align: center;\">REVUE DE PRESSE &amp; MEDIA<\/h4>\n<hr \/>\n<p style=\"text-align: center;\"><a href=\"http:\/\/www.canalalpha.ch\/\" target=\"_blank\" rel=\"noopener noreferrer\"><img loading=\"lazy\" decoding=\"async\" class=\"aligncenter wp-image-304 size-medium\" src=\"https:\/\/adsp-bejune.ch\/site\/wp-content\/uploads\/2018\/02\/logo-canalalpha-300x158.png\" alt=\"\" width=\"300\" height=\"158\" srcset=\"https:\/\/adsp-bejune.ch\/site\/wp-content\/uploads\/2018\/02\/logo-canalalpha-300x158.png 300w, https:\/\/adsp-bejune.ch\/site\/wp-content\/uploads\/2018\/02\/logo-canalalpha.png 310w\" sizes=\"auto, (max-width: 300px) 100vw, 300px\" \/><\/a>Journal du lundi 23 septembre 2019<\/p>\n<hr \/>\n<p><a href=\"http:\/\/www.canalalpha.ch\/actu\/une-plateforme-intercantonale-pour-les-soins-palliatifs\/\" target=\"_blank\" rel=\"noopener noreferrer\"><img loading=\"lazy\" decoding=\"async\" class=\"aligncenter wp-image-692 size-full\" src=\"https:\/\/adsp-bejune.ch\/site\/wp-content\/uploads\/2019\/09\/ca-capture.jpg\" alt=\"\" width=\"739\" height=\"399\" srcset=\"https:\/\/adsp-bejune.ch\/site\/wp-content\/uploads\/2019\/09\/ca-capture.jpg 739w, https:\/\/adsp-bejune.ch\/site\/wp-content\/uploads\/2019\/09\/ca-capture-300x162.jpg 300w, https:\/\/adsp-bejune.ch\/site\/wp-content\/uploads\/2019\/09\/ca-capture-50x27.jpg 50w\" sizes=\"auto, (max-width: 739px) 100vw, 739px\" \/><\/a><\/p>\n<hr \/>\n<p style=\"text-align: justify;\">Elle avait \u00e9t\u00e9 mandat\u00e9e par les cantons de Berne, du Jura et de Neuch\u00e2tel, l\u2019Association pour le d\u00e9veloppement des soins palliatifs BEJUNE met en oeuvre la strat\u00e9gie BEJUNE en mati\u00e8re de soins palliatifs 2017-2027. Cela passe par une toute nouvelle plate-forme de communication: palliactif.ch. Elle est disponible sur Internet et destin\u00e9e au grand public comme aux professionnels.<\/p>\n<hr \/>\n<p>&nbsp;<\/p>\n<p style=\"text-align: justify;\">\u2192\u00a0 <a href=\"http:\/\/www.canalalpha.ch\/actu\/une-plateforme-intercantonale-pour-les-soins-palliatifs\/\" target=\"_blank\" rel=\"noopener noreferrer\">Voir l'\u00e9mission sur le site de Canal Alpha<\/a><\/p>\n<p>&nbsp;<\/p>\n<hr \/>\n<p>&nbsp;<\/p>\n","protected":false},"excerpt":{"rendered":"<p>REVUE DE PRESSE &amp; MEDIA Journal du lundi 23 septembre 2019 Elle avait \u00e9t\u00e9 mandat\u00e9e par les cantons de Berne, du Jura et de Neuch\u00e2tel, l\u2019Association pour le d\u00e9veloppement des soins palliatifs BEJUNE met en oeuvre la strat\u00e9gie BEJUNE en mati\u00e8re de soins palliatifs 2017-2027. Cela passe par une toute nouvelle plate-forme de communication: palliactif.ch. [&hellip;]<\/p>\n","protected":false},"author":1,"featured_media":692,"comment_status":"closed","ping_status":"closed","sticky":false,"template":"","format":"standard","meta":{"footnotes":""},"categories":[1,9],"tags":[8],"class_list":["post-691","post","type-post","status-publish","format-standard","has-post-thumbnail","hentry","category-a-la-une","category-presse-et-medias","tag-canalalpha"],"wppr_data":{"cwp_meta_box_check":"No"},"_links":{"self":[{"href":"https:\/\/adsp-bejune.ch\/site\/wp-json\/wp\/v2\/posts\/691","targetHints":{"allow":["GET"]}}],"collection":[{"href":"https:\/\/adsp-bejune.ch\/site\/wp-json\/wp\/v2\/posts"}],"about":[{"href":"https:\/\/adsp-bejune.ch\/site\/wp-json\/wp\/v2\/types\/post"}],"author":[{"embeddable":true,"href":"https:\/\/adsp-bejune.ch\/site\/wp-json\/wp\/v2\/users\/1"}],"replies":[{"embeddable":true,"href":"https:\/\/adsp-bejune.ch\/site\/wp-json\/wp\/v2\/comments?post=691"}],"version-history":[{"count":1,"href":"https:\/\/adsp-bejune.ch\/site\/wp-json\/wp\/v2\/posts\/691\/revisions"}],"predecessor-version":[{"id":693,"href":"https:\/\/adsp-bejune.ch\/site\/wp-json\/wp\/v2\/posts\/691\/revisions\/693"}],"wp:featuredmedia":[{"embeddable":true,"href":"https:\/\/adsp-bejune.ch\/site\/wp-json\/wp\/v2\/media\/692"}],"wp:attachment":[{"href":"https:\/\/adsp-bejune.ch\/site\/wp-json\/wp\/v2\/media?parent=691"}],"wp:term":[{"taxonomy":"category","embeddable":true,"href":"https:\/\/adsp-bejune.ch\/site\/wp-json\/wp\/v2\/categories?post=691"},{"taxonomy":"post_tag","embeddable":true,"href":"https:\/\/adsp-bejune.ch\/site\/wp-json\/wp\/v2\/tags?post=691"}],"curies":[{"name":"wp","href":"https:\/\/api.w.org\/{rel}","templated":true}]}}