{"id":699,"date":"2019-09-24T13:58:25","date_gmt":"2019-09-24T13:58:25","guid":{"rendered":"https:\/\/adsp-bejune.ch\/site\/?p=699"},"modified":"2019-09-24T13:59:47","modified_gmt":"2019-09-24T13:59:47","slug":"une-plateforme-pour-informer-sur-les-soins-palliatifs-dans-larc-jurassien-rts","status":"publish","type":"post","link":"https:\/\/adsp-bejune.ch\/site\/une-plateforme-pour-informer-sur-les-soins-palliatifs-dans-larc-jurassien-rts\/","title":{"rendered":"Une plateforme pour informer sur les soins palliatifs dans l&rsquo;Arc jurassien &#8211; RTS"},"content":{"rendered":"<h4 style=\"text-align: center;\">REVUE DE PRESSE &amp; MEDIA<\/h4>\n<hr \/>\n<p style=\"text-align: center;\"><a href=\"http:\/\/www.canalalpha.ch\/\" target=\"_blank\" rel=\"noopener noreferrer\"><img loading=\"lazy\" decoding=\"async\" class=\"aligncenter wp-image-700 size-full\" src=\"https:\/\/adsp-bejune.ch\/site\/wp-content\/uploads\/2019\/09\/rts-info.png\" alt=\"\" width=\"295\" height=\"171\" srcset=\"https:\/\/adsp-bejune.ch\/site\/wp-content\/uploads\/2019\/09\/rts-info.png 295w, https:\/\/adsp-bejune.ch\/site\/wp-content\/uploads\/2019\/09\/rts-info-50x29.png 50w\" sizes=\"auto, (max-width: 295px) 100vw, 295px\" \/><\/a><\/p>\n<p style=\"text-align: center;\">Publi\u00e9 le mardi 24 septembre 2019<\/p>\n<hr \/>\n<p><a href=\"https:\/\/www.rts.ch\/info\/regions\/neuchatel\/10733017-une-plateforme-pour-informer-sur-les-soins-palliatifs-dans-l-arc-jurassien.html\" target=\"_blank\" rel=\"noopener noreferrer\"><img loading=\"lazy\" decoding=\"async\" class=\"aligncenter wp-image-701 size-full\" src=\"https:\/\/adsp-bejune.ch\/site\/wp-content\/uploads\/2019\/09\/rts-sp.jpg\" alt=\"\" width=\"900\" height=\"506\" srcset=\"https:\/\/adsp-bejune.ch\/site\/wp-content\/uploads\/2019\/09\/rts-sp.jpg 900w, https:\/\/adsp-bejune.ch\/site\/wp-content\/uploads\/2019\/09\/rts-sp-300x169.jpg 300w, https:\/\/adsp-bejune.ch\/site\/wp-content\/uploads\/2019\/09\/rts-sp-768x432.jpg 768w, https:\/\/adsp-bejune.ch\/site\/wp-content\/uploads\/2019\/09\/rts-sp-50x28.jpg 50w, https:\/\/adsp-bejune.ch\/site\/wp-content\/uploads\/2019\/09\/rts-sp-820x461.jpg 820w\" sizes=\"auto, (max-width: 900px) 100vw, 900px\" \/><\/a><\/p>\n<hr \/>\n<p style=\"text-align: justify;\">Les cantons de Berne, du Jura et de Neuch\u00e2tel lancent une plateforme d'information sur les soins palliatifs. Intitul\u00e9e \"Palliactif\", celle-ci regroupe et recense tous les acteurs de ce secteur et elle s'adresse tant au grand public qu'aux professionnels.<\/p>\n<hr \/>\n<p>&nbsp;<\/p>\n<p style=\"text-align: justify;\">\u2192\u00a0 <a href=\"https:\/\/www.rts.ch\/info\/regions\/neuchatel\/10733017-une-plateforme-pour-informer-sur-les-soins-palliatifs-dans-l-arc-jurassien.html\" target=\"_blank\" rel=\"noopener noreferrer\">Voir la publication sur le site de la RTS<\/a><\/p>\n<p>&nbsp;<\/p>\n<hr \/>\n<p>&nbsp;<\/p>\n","protected":false},"excerpt":{"rendered":"<p>REVUE DE PRESSE &amp; MEDIA Publi\u00e9 le mardi 24 septembre 2019 Les cantons de Berne, du Jura et de Neuch\u00e2tel lancent une plateforme d&rsquo;information sur les soins palliatifs. Intitul\u00e9e \u00ab\u00a0Palliactif\u00a0\u00bb, celle-ci regroupe et recense tous les acteurs de ce secteur et elle s&rsquo;adresse tant au grand public qu&rsquo;aux professionnels. &nbsp; \u2192\u00a0 Voir la publication sur [&hellip;]<\/p>\n","protected":false},"author":1,"featured_media":701,"comment_status":"closed","ping_status":"closed","sticky":false,"template":"","format":"standard","meta":{"footnotes":""},"categories":[1,9],"tags":[],"class_list":["post-699","post","type-post","status-publish","format-standard","has-post-thumbnail","hentry","category-a-la-une","category-presse-et-medias"],"wppr_data":{"cwp_meta_box_check":"No"},"_links":{"self":[{"href":"https:\/\/adsp-bejune.ch\/site\/wp-json\/wp\/v2\/posts\/699","targetHints":{"allow":["GET"]}}],"collection":[{"href":"https:\/\/adsp-bejune.ch\/site\/wp-json\/wp\/v2\/posts"}],"about":[{"href":"https:\/\/adsp-bejune.ch\/site\/wp-json\/wp\/v2\/types\/post"}],"author":[{"embeddable":true,"href":"https:\/\/adsp-bejune.ch\/site\/wp-json\/wp\/v2\/users\/1"}],"replies":[{"embeddable":true,"href":"https:\/\/adsp-bejune.ch\/site\/wp-json\/wp\/v2\/comments?post=699"}],"version-history":[{"count":3,"href":"https:\/\/adsp-bejune.ch\/site\/wp-json\/wp\/v2\/posts\/699\/revisions"}],"predecessor-version":[{"id":704,"href":"https:\/\/adsp-bejune.ch\/site\/wp-json\/wp\/v2\/posts\/699\/revisions\/704"}],"wp:featuredmedia":[{"embeddable":true,"href":"https:\/\/adsp-bejune.ch\/site\/wp-json\/wp\/v2\/media\/701"}],"wp:attachment":[{"href":"https:\/\/adsp-bejune.ch\/site\/wp-json\/wp\/v2\/media?parent=699"}],"wp:term":[{"taxonomy":"category","embeddable":true,"href":"https:\/\/adsp-bejune.ch\/site\/wp-json\/wp\/v2\/categories?post=699"},{"taxonomy":"post_tag","embeddable":true,"href":"https:\/\/adsp-bejune.ch\/site\/wp-json\/wp\/v2\/tags?post=699"}],"curies":[{"name":"wp","href":"https:\/\/api.w.org\/{rel}","templated":true}]}}