{"id":714,"date":"2019-09-24T14:24:20","date_gmt":"2019-09-24T14:24:20","guid":{"rendered":"https:\/\/adsp-bejune.ch\/site\/?p=714"},"modified":"2019-09-24T14:28:32","modified_gmt":"2019-09-24T14:28:32","slug":"ce-sont-des-soins-de-vie-journal-du-jura","status":"publish","type":"post","link":"https:\/\/adsp-bejune.ch\/site\/ce-sont-des-soins-de-vie-journal-du-jura\/","title":{"rendered":"\u00abCe sont des soins de vie\u00bb &#8211; Journal du Jura"},"content":{"rendered":"<h4 style=\"text-align: center;\">REVUE DE PRESSE &amp; MEDIA<\/h4>\n<hr \/>\n<p style=\"text-align: center;\"><img loading=\"lazy\" decoding=\"async\" class=\"aligncenter wp-image-718 size-medium\" src=\"https:\/\/adsp-bejune.ch\/site\/wp-content\/uploads\/2019\/09\/Journal-du-Jura-300x99.png\" alt=\"\" width=\"300\" height=\"99\" srcset=\"https:\/\/adsp-bejune.ch\/site\/wp-content\/uploads\/2019\/09\/Journal-du-Jura-300x99.png 300w, https:\/\/adsp-bejune.ch\/site\/wp-content\/uploads\/2019\/09\/Journal-du-Jura-768x253.png 768w, https:\/\/adsp-bejune.ch\/site\/wp-content\/uploads\/2019\/09\/Journal-du-Jura-50x16.png 50w, https:\/\/adsp-bejune.ch\/site\/wp-content\/uploads\/2019\/09\/Journal-du-Jura-820x270.png 820w, https:\/\/adsp-bejune.ch\/site\/wp-content\/uploads\/2019\/09\/Journal-du-Jura.png 850w\" sizes=\"auto, (max-width: 300px) 100vw, 300px\" \/>Journal du mardi 24 septembre 2019<\/p>\n<hr \/>\n<p><a href=\"https:\/\/www.journaldujura.ch\/nouvelles-en-ligne\/region\/ce-sont-des-soins-de-vie\" target=\"_blank\" rel=\"noopener noreferrer\"><img loading=\"lazy\" decoding=\"async\" class=\"aligncenter wp-image-716 size-full\" src=\"https:\/\/adsp-bejune.ch\/site\/wp-content\/uploads\/2019\/09\/bernet.jpg\" alt=\"\" width=\"636\" height=\"477\" srcset=\"https:\/\/adsp-bejune.ch\/site\/wp-content\/uploads\/2019\/09\/bernet.jpg 636w, https:\/\/adsp-bejune.ch\/site\/wp-content\/uploads\/2019\/09\/bernet-300x225.jpg 300w, https:\/\/adsp-bejune.ch\/site\/wp-content\/uploads\/2019\/09\/bernet-50x38.jpg 50w\" sizes=\"auto, (max-width: 636px) 100vw, 636px\" \/><\/a><\/p>\n<hr \/>\n<p style=\"text-align: justify;\">Mandat\u00e9e pour mettre en \u0153uvre la strat\u00e9gie BEJUNE en mati\u00e8re de soins palliatifs, l\u2019Association ADSP a mis en place palliactif.ch. Cette plateforme d\u2019information s\u2019adresse autant aux professionnels qu\u2019au grand public. Elle a pour objectif de promouvoir ces soins et de faciliter la recherche de prestataires.<\/p>\n<hr \/>\n<p style=\"text-align: justify;\">\u2192\u00a0 <a href=\"https:\/\/www.journaldujura.ch\/nouvelles-en-ligne\/region\/ce-sont-des-soins-de-vie\" target=\"_blank\" rel=\"noopener noreferrer\">Voir l'article sur le site du Journal du Jura<\/a><\/p>\n<p>\u2192 <a href=\"https:\/\/adsp-bejune.ch\/site\/wp-content\/uploads\/2019\/09\/JDJ_20190924.pdf\" target=\"_blank\" rel=\"noopener noreferrer\">T\u00e9l\u00e9charger l'article au format pdf<\/a><\/p>\n<hr \/>\n<p>&nbsp;<\/p>\n","protected":false},"excerpt":{"rendered":"<p>REVUE DE PRESSE &amp; MEDIA Journal du mardi 24 septembre 2019 Mandat\u00e9e pour mettre en \u0153uvre la strat\u00e9gie BEJUNE en mati\u00e8re de soins palliatifs, l\u2019Association ADSP a mis en place palliactif.ch. Cette plateforme d\u2019information s\u2019adresse autant aux professionnels qu\u2019au grand public. Elle a pour objectif de promouvoir ces soins et de faciliter la recherche de [&hellip;]<\/p>\n","protected":false},"author":1,"featured_media":716,"comment_status":"closed","ping_status":"closed","sticky":false,"template":"","format":"standard","meta":{"footnotes":""},"categories":[1,9],"tags":[],"class_list":["post-714","post","type-post","status-publish","format-standard","has-post-thumbnail","hentry","category-a-la-une","category-presse-et-medias"],"wppr_data":{"cwp_meta_box_check":"No"},"_links":{"self":[{"href":"https:\/\/adsp-bejune.ch\/site\/wp-json\/wp\/v2\/posts\/714","targetHints":{"allow":["GET"]}}],"collection":[{"href":"https:\/\/adsp-bejune.ch\/site\/wp-json\/wp\/v2\/posts"}],"about":[{"href":"https:\/\/adsp-bejune.ch\/site\/wp-json\/wp\/v2\/types\/post"}],"author":[{"embeddable":true,"href":"https:\/\/adsp-bejune.ch\/site\/wp-json\/wp\/v2\/users\/1"}],"replies":[{"embeddable":true,"href":"https:\/\/adsp-bejune.ch\/site\/wp-json\/wp\/v2\/comments?post=714"}],"version-history":[{"count":4,"href":"https:\/\/adsp-bejune.ch\/site\/wp-json\/wp\/v2\/posts\/714\/revisions"}],"predecessor-version":[{"id":722,"href":"https:\/\/adsp-bejune.ch\/site\/wp-json\/wp\/v2\/posts\/714\/revisions\/722"}],"wp:featuredmedia":[{"embeddable":true,"href":"https:\/\/adsp-bejune.ch\/site\/wp-json\/wp\/v2\/media\/716"}],"wp:attachment":[{"href":"https:\/\/adsp-bejune.ch\/site\/wp-json\/wp\/v2\/media?parent=714"}],"wp:term":[{"taxonomy":"category","embeddable":true,"href":"https:\/\/adsp-bejune.ch\/site\/wp-json\/wp\/v2\/categories?post=714"},{"taxonomy":"post_tag","embeddable":true,"href":"https:\/\/adsp-bejune.ch\/site\/wp-json\/wp\/v2\/tags?post=714"}],"curies":[{"name":"wp","href":"https:\/\/api.w.org\/{rel}","templated":true}]}}