{"id":775,"date":"2020-11-02T14:09:20","date_gmt":"2020-11-02T14:09:20","guid":{"rendered":"https:\/\/adsp-bejune.ch\/site\/?p=775"},"modified":"2020-11-02T14:13:32","modified_gmt":"2020-11-02T14:13:32","slug":"prevenir-vite-a-defaut-de-guerir-journal-du-jura","status":"publish","type":"post","link":"https:\/\/adsp-bejune.ch\/site\/prevenir-vite-a-defaut-de-guerir-journal-du-jura\/","title":{"rendered":"\u00abPr\u00e9venir vite, \u00e0 d\u00e9faut de gu\u00e9rir\u00bb \u2013 Journal du Jura"},"content":{"rendered":"<h4 style=\"text-align: center;\">REVUE DE PRESSE &amp; MEDIA<\/h4>\n<hr \/>\n<p style=\"text-align: center;\"><img loading=\"lazy\" decoding=\"async\" class=\"aligncenter wp-image-718 size-medium\" src=\"https:\/\/adsp-bejune.ch\/site\/wp-content\/uploads\/2019\/09\/Journal-du-Jura-300x99.png\" alt=\"\" width=\"300\" height=\"99\" srcset=\"https:\/\/adsp-bejune.ch\/site\/wp-content\/uploads\/2019\/09\/Journal-du-Jura-300x99.png 300w, https:\/\/adsp-bejune.ch\/site\/wp-content\/uploads\/2019\/09\/Journal-du-Jura-768x253.png 768w, https:\/\/adsp-bejune.ch\/site\/wp-content\/uploads\/2019\/09\/Journal-du-Jura-50x16.png 50w, https:\/\/adsp-bejune.ch\/site\/wp-content\/uploads\/2019\/09\/Journal-du-Jura-820x270.png 820w, https:\/\/adsp-bejune.ch\/site\/wp-content\/uploads\/2019\/09\/Journal-du-Jura.png 850w\" sizes=\"auto, (max-width: 300px) 100vw, 300px\" \/>Journal du vendredi 9 octobre 2020<\/p>\n<hr \/>\n<p>A l'occasion de la <strong>Journ\u00e9e mondiale des soins palliatifs<\/strong>, le Journal du Jura a publi\u00e9 un article qui pr\u00e9sente les projets de promotion des soins palliatifs dans la r\u00e9gion BEJUNE ainsi que quelques enjeux actuels.<\/p>\n<hr \/>\n<p><a href=\"https:\/\/www.palliactif.ch\/uploads\/jdj_vendredi9octobre2020.pdf\" target=\"_blank\" rel=\"noopener noreferrer\"><img loading=\"lazy\" decoding=\"async\" class=\"aligncenter wp-image-777 size-full\" src=\"https:\/\/adsp-bejune.ch\/site\/wp-content\/uploads\/2020\/11\/articlejdj.jpg\" alt=\"\" width=\"640\" height=\"954\" srcset=\"https:\/\/adsp-bejune.ch\/site\/wp-content\/uploads\/2020\/11\/articlejdj.jpg 640w, https:\/\/adsp-bejune.ch\/site\/wp-content\/uploads\/2020\/11\/articlejdj-201x300.jpg 201w, https:\/\/adsp-bejune.ch\/site\/wp-content\/uploads\/2020\/11\/articlejdj-34x50.jpg 34w\" sizes=\"auto, (max-width: 640px) 100vw, 640px\" \/><\/a><\/p>\n<p style=\"text-align: justify;\">\u00a0<\/p>\n<hr \/>\n<p style=\"text-align: justify;\">\u2192\u00a0 <a href=\"https:\/\/www.journaldujura.ch\/nouvelles-en-ligne\/region\/prevenir-vite-defaut-de-guerir\" target=\"_blank\" rel=\"noopener noreferrer\">Voir l'article sur le site du Journal du Jura<\/a> (\u00e9dition abonn\u00e9s)<\/p>\n<p>\u2192 <a href=\"https:\/\/www.palliactif.ch\/uploads\/jdj_vendredi9octobre2020.pdf\" target=\"_blank\" rel=\"noopener noreferrer\">T\u00e9l\u00e9charger l'article au format pdf<\/a><\/p>\n<hr \/>\n<p>&nbsp;<\/p>\n","protected":false},"excerpt":{"rendered":"<p>REVUE DE PRESSE &amp; MEDIA Journal du vendredi 9 octobre 2020 A l&rsquo;occasion de la Journ\u00e9e mondiale des soins palliatifs, le Journal du Jura a publi\u00e9 un article qui pr\u00e9sente les projets de promotion des soins palliatifs dans la r\u00e9gion BEJUNE ainsi que quelques enjeux actuels. \u00a0 \u2192\u00a0 Voir l&rsquo;article sur le site du Journal [&hellip;]<\/p>\n","protected":false},"author":1,"featured_media":779,"comment_status":"closed","ping_status":"closed","sticky":false,"template":"","format":"standard","meta":{"footnotes":""},"categories":[1,9],"tags":[],"class_list":["post-775","post","type-post","status-publish","format-standard","has-post-thumbnail","hentry","category-a-la-une","category-presse-et-medias"],"wppr_data":{"cwp_meta_box_check":"No"},"_links":{"self":[{"href":"https:\/\/adsp-bejune.ch\/site\/wp-json\/wp\/v2\/posts\/775","targetHints":{"allow":["GET"]}}],"collection":[{"href":"https:\/\/adsp-bejune.ch\/site\/wp-json\/wp\/v2\/posts"}],"about":[{"href":"https:\/\/adsp-bejune.ch\/site\/wp-json\/wp\/v2\/types\/post"}],"author":[{"embeddable":true,"href":"https:\/\/adsp-bejune.ch\/site\/wp-json\/wp\/v2\/users\/1"}],"replies":[{"embeddable":true,"href":"https:\/\/adsp-bejune.ch\/site\/wp-json\/wp\/v2\/comments?post=775"}],"version-history":[{"count":3,"href":"https:\/\/adsp-bejune.ch\/site\/wp-json\/wp\/v2\/posts\/775\/revisions"}],"predecessor-version":[{"id":781,"href":"https:\/\/adsp-bejune.ch\/site\/wp-json\/wp\/v2\/posts\/775\/revisions\/781"}],"wp:featuredmedia":[{"embeddable":true,"href":"https:\/\/adsp-bejune.ch\/site\/wp-json\/wp\/v2\/media\/779"}],"wp:attachment":[{"href":"https:\/\/adsp-bejune.ch\/site\/wp-json\/wp\/v2\/media?parent=775"}],"wp:term":[{"taxonomy":"category","embeddable":true,"href":"https:\/\/adsp-bejune.ch\/site\/wp-json\/wp\/v2\/categories?post=775"},{"taxonomy":"post_tag","embeddable":true,"href":"https:\/\/adsp-bejune.ch\/site\/wp-json\/wp\/v2\/tags?post=775"}],"curies":[{"name":"wp","href":"https:\/\/api.w.org\/{rel}","templated":true}]}}