{"id":787,"date":"2020-11-30T10:00:24","date_gmt":"2020-11-30T10:00:24","guid":{"rendered":"https:\/\/adsp-bejune.ch\/site\/?p=787"},"modified":"2020-12-01T09:11:08","modified_gmt":"2020-12-01T09:11:08","slug":"nous-ne-prenons-pas-soins-de-mourants-mais-bien-de-vivants-cct-sante-21","status":"publish","type":"post","link":"https:\/\/adsp-bejune.ch\/site\/nous-ne-prenons-pas-soins-de-mourants-mais-bien-de-vivants-cct-sante-21\/","title":{"rendered":"\u00abNous ne prenons pas soins de mourants, mais bien de vivants\u00bb &#8211; CCT Sant\u00e9 21"},"content":{"rendered":"<h4 style=\"text-align: center;\">REVUE DE PRESSE &amp; MEDIA<\/h4>\n<hr \/>\n<p style=\"text-align: center;\"><a href=\"https:\/\/cctsante21.info\/2020\/11\/30\/nous-ne-prenons-pas-soins-de-mourants-mais-bien-de-vivants\/\" target=\"_blank\" rel=\"noopener noreferrer\"><img loading=\"lazy\" decoding=\"async\" class=\"aligncenter wp-image-788 size-full\" src=\"https:\/\/adsp-bejune.ch\/site\/wp-content\/uploads\/2020\/12\/CCTSante21.png\" alt=\"\" width=\"294\" height=\"250\" srcset=\"https:\/\/adsp-bejune.ch\/site\/wp-content\/uploads\/2020\/12\/CCTSante21.png 294w, https:\/\/adsp-bejune.ch\/site\/wp-content\/uploads\/2020\/12\/CCTSante21-50x43.png 50w\" sizes=\"auto, (max-width: 294px) 100vw, 294px\" \/><\/a>Publi\u00e9 le lundi 30 novembre 2020<\/p>\n<hr \/>\n<p style=\"text-align: justify;\">La CCT Sant\u00e9 21 est la convention collective de travail qui r\u00e9unit tout le secteur de la sant\u00e9 public et parapublic du canton de Neuch\u00e2tel (h\u00f4pitaux de soins physiques, h\u00f4pitaux psychiatriques, aide et soins \u00e0 domicile, EMS, etc.).<\/p>\n<p>Le\u00a0<a href=\"https:\/\/cctsante21.info\/\" target=\"_blank\" rel=\"noopener noreferrer\">blog de la CCT Sant\u00e9 21<\/a>\u00a0pr\u00e9sente des interviews de personnalit\u00e9s actives dans les institutions membres. On y d\u00e9couvre la diversit\u00e9 des domaines et des m\u00e9tiers qui la compose.<\/p>\n<p>Le dernier portrait r\u00e9alis\u00e9 est celui du Dr Christian Bernet, directeur de l'Association pour le d\u00e9veloppement des soins palliatifs BEJUNE (ADSP BEJUNE) et m\u00e9decin chef de l'Equipe mobile en soins palliatifs BEJUNE (EMSP BEJUNE). Il y pr\u00e9sente l'approche palliative des soins qui sont ax\u00e9s sur la qualit\u00e9 de vie et sur une vision globale de la personne malade, int\u00e9grant les proches.<\/p>\n<p>En parcourant le blog, vous d\u00e9couvrirez des interviews de nombreux acteurs des soins palliatifs.<\/p>\n<hr \/>\n<p>&nbsp;<\/p>\n<p style=\"text-align: justify;\">\u2192\u00a0 <a href=\"https:\/\/cctsante21.info\/2020\/11\/30\/nous-ne-prenons-pas-soins-de-mourants-mais-bien-de-vivants\/\" target=\"_blank\" rel=\"noopener noreferrer\">Voir le blog de la CCT Sant\u00e9 21<\/a><\/p>\n<p>&nbsp;<\/p>\n<hr \/>\n<p>&nbsp;<\/p>\n","protected":false},"excerpt":{"rendered":"<p>REVUE DE PRESSE &amp; MEDIA Publi\u00e9 le lundi 30 novembre 2020 La CCT Sant\u00e9 21 est la convention collective de travail qui r\u00e9unit tout le secteur de la sant\u00e9 public et parapublic du canton de Neuch\u00e2tel (h\u00f4pitaux de soins physiques, h\u00f4pitaux psychiatriques, aide et soins \u00e0 domicile, EMS, etc.). Le\u00a0blog de la CCT Sant\u00e9 21\u00a0pr\u00e9sente [&hellip;]<\/p>\n","protected":false},"author":1,"featured_media":789,"comment_status":"closed","ping_status":"closed","sticky":false,"template":"","format":"standard","meta":{"footnotes":""},"categories":[1,9],"tags":[],"class_list":["post-787","post","type-post","status-publish","format-standard","has-post-thumbnail","hentry","category-a-la-une","category-presse-et-medias"],"wppr_data":{"cwp_meta_box_check":"No"},"_links":{"self":[{"href":"https:\/\/adsp-bejune.ch\/site\/wp-json\/wp\/v2\/posts\/787","targetHints":{"allow":["GET"]}}],"collection":[{"href":"https:\/\/adsp-bejune.ch\/site\/wp-json\/wp\/v2\/posts"}],"about":[{"href":"https:\/\/adsp-bejune.ch\/site\/wp-json\/wp\/v2\/types\/post"}],"author":[{"embeddable":true,"href":"https:\/\/adsp-bejune.ch\/site\/wp-json\/wp\/v2\/users\/1"}],"replies":[{"embeddable":true,"href":"https:\/\/adsp-bejune.ch\/site\/wp-json\/wp\/v2\/comments?post=787"}],"version-history":[{"count":4,"href":"https:\/\/adsp-bejune.ch\/site\/wp-json\/wp\/v2\/posts\/787\/revisions"}],"predecessor-version":[{"id":793,"href":"https:\/\/adsp-bejune.ch\/site\/wp-json\/wp\/v2\/posts\/787\/revisions\/793"}],"wp:featuredmedia":[{"embeddable":true,"href":"https:\/\/adsp-bejune.ch\/site\/wp-json\/wp\/v2\/media\/789"}],"wp:attachment":[{"href":"https:\/\/adsp-bejune.ch\/site\/wp-json\/wp\/v2\/media?parent=787"}],"wp:term":[{"taxonomy":"category","embeddable":true,"href":"https:\/\/adsp-bejune.ch\/site\/wp-json\/wp\/v2\/categories?post=787"},{"taxonomy":"post_tag","embeddable":true,"href":"https:\/\/adsp-bejune.ch\/site\/wp-json\/wp\/v2\/tags?post=787"}],"curies":[{"name":"wp","href":"https:\/\/api.w.org\/{rel}","templated":true}]}}