{"id":878,"date":"2023-04-24T15:09:00","date_gmt":"2023-04-24T15:09:00","guid":{"rendered":"https:\/\/adsp-bejune.ch\/site\/?p=878"},"modified":"2023-04-24T15:24:11","modified_gmt":"2023-04-24T15:24:11","slug":"planifier-et-mettre-en-oeuvre-un-projet-institutionnel-de-soins-palliatifs-generaux-en-ems-pistes-de-travail","status":"publish","type":"post","link":"https:\/\/adsp-bejune.ch\/site\/planifier-et-mettre-en-oeuvre-un-projet-institutionnel-de-soins-palliatifs-generaux-en-ems-pistes-de-travail\/","title":{"rendered":"Planifier et mettre en oeuvre un projet institutionnel de soins palliatifs g\u00e9n\u00e9raux en EMS &#8211; pistes de travail"},"content":{"rendered":"<p><strong>Nous avons le plaisir de vous annoncer la mise en ligne du guide \u00ab Planifier et mettre en oeuvre un projet institutionnel de soins palliatifs g\u00e9n\u00e9raux en EMS - pistes de travail \u00bb qui est d\u00e9sormais librement disponible \u00e0 l\u2019adresse internet\u00a0<a href=\"https:\/\/sp-ems.adsp-bejune.ch\/\" target=\"_blank\" rel=\"noopener noreferrer\">sp-ems.adsp-bejune.ch<\/a>.<br \/>\n<\/strong><br \/>\nCe guide se veut une r\u00e9ponse \u00e0 la demande exprim\u00e9e par diff\u00e9rentes directions d\u2019EMS d\u2019avoir acc\u00e8s \u00e0 des ressources pour impl\u00e9menter les soins palliatifs dans leurs \u00e9tablissements.<\/p>\n<p>Comme chaque institution poss\u00e8de sa propre culture, sa propre organisation et ses propres concepts, il aurait \u00e9t\u00e9 contre-productif de proposer une solution cl\u00e9 en main ou un mod\u00e8le-type. Nous consid\u00e9rons qu\u2019un concept de soins palliatifs doit s\u2019int\u00e9grer pleinement et de mani\u00e8re coh\u00e9rente aux autres concepts d\u2019accompagnement et de prise en soin.<\/p>\n<p>L\u2019institution doit s\u2019approprier l\u2019approche palliative des soins et conduire un processus d\u2019int\u00e9gration de celle-ci dans son organisation. Nous avons donc con\u00e7u ce guide comme une ressource \u00e0 la disposition des directions, des cadres et des \u00e9quipes des institutions pour r\u00e9aliser ou actualiser cette int\u00e9gration des soins palliatifs dans leurs structures.<\/p>\n<p>&nbsp;<\/p>\n<p><strong><br \/>\n&gt; <a href=\"https:\/\/sp-ems.adsp-bejune.ch\/\" target=\"_blank\" rel=\"noopener noreferrer\">sp-ems.adsp-bejune.ch<\/a><\/p>\n<p><a href=\"https:\/\/sp-ems.adsp-bejune.ch\/\" target=\"_blank\" rel=\"noopener\"><img loading=\"lazy\" decoding=\"async\" class=\"fr-fic fr-dib fr-draggable alignnone\" src=\"https:\/\/www.palliactif.ch\/uploads\/477ca5b52f72646612b2f05f6128c3d3a0920322.png\" alt=\"\" width=\"139\" height=\"142\" \/><\/a><br \/>\n<\/strong><\/p>\n<hr \/>\n<p><strong><br \/>\n<em>Un guide r\u00e9alis\u00e9 par l\u2019ADSP BEJUNE dans le cadre des travaux de la strat\u00e9gie BEJUNE en mati\u00e8re de soins palliatifs.<\/em><br \/>\n<\/strong><\/p>\n","protected":false},"excerpt":{"rendered":"<p>Nous avons le plaisir de vous annoncer la mise en ligne du guide \u00ab Planifier et mettre en oeuvre un projet institutionnel de soins palliatifs g\u00e9n\u00e9raux en EMS &#8211; pistes de travail \u00bb qui est d\u00e9sormais librement disponible \u00e0 l\u2019adresse internet\u00a0sp-ems.adsp-bejune.ch. Ce guide se veut une r\u00e9ponse \u00e0 la demande exprim\u00e9e par diff\u00e9rentes directions d\u2019EMS [&hellip;]<\/p>\n","protected":false},"author":1,"featured_media":880,"comment_status":"closed","ping_status":"closed","sticky":false,"template":"","format":"standard","meta":{"footnotes":""},"categories":[1,3],"tags":[],"class_list":["post-878","post","type-post","status-publish","format-standard","has-post-thumbnail","hentry","category-a-la-une","category-actualites"],"wppr_data":{"cwp_meta_box_check":"No"},"_links":{"self":[{"href":"https:\/\/adsp-bejune.ch\/site\/wp-json\/wp\/v2\/posts\/878","targetHints":{"allow":["GET"]}}],"collection":[{"href":"https:\/\/adsp-bejune.ch\/site\/wp-json\/wp\/v2\/posts"}],"about":[{"href":"https:\/\/adsp-bejune.ch\/site\/wp-json\/wp\/v2\/types\/post"}],"author":[{"embeddable":true,"href":"https:\/\/adsp-bejune.ch\/site\/wp-json\/wp\/v2\/users\/1"}],"replies":[{"embeddable":true,"href":"https:\/\/adsp-bejune.ch\/site\/wp-json\/wp\/v2\/comments?post=878"}],"version-history":[{"count":5,"href":"https:\/\/adsp-bejune.ch\/site\/wp-json\/wp\/v2\/posts\/878\/revisions"}],"predecessor-version":[{"id":885,"href":"https:\/\/adsp-bejune.ch\/site\/wp-json\/wp\/v2\/posts\/878\/revisions\/885"}],"wp:featuredmedia":[{"embeddable":true,"href":"https:\/\/adsp-bejune.ch\/site\/wp-json\/wp\/v2\/media\/880"}],"wp:attachment":[{"href":"https:\/\/adsp-bejune.ch\/site\/wp-json\/wp\/v2\/media?parent=878"}],"wp:term":[{"taxonomy":"category","embeddable":true,"href":"https:\/\/adsp-bejune.ch\/site\/wp-json\/wp\/v2\/categories?post=878"},{"taxonomy":"post_tag","embeddable":true,"href":"https:\/\/adsp-bejune.ch\/site\/wp-json\/wp\/v2\/tags?post=878"}],"curies":[{"name":"wp","href":"https:\/\/api.w.org\/{rel}","templated":true}]}}