{"id":962,"date":"2026-04-07T14:30:10","date_gmt":"2026-04-07T14:30:10","guid":{"rendered":"https:\/\/adsp-bejune.ch\/site\/?p=962"},"modified":"2026-07-16T08:18:33","modified_gmt":"2026-07-16T08:18:33","slug":"save-the-date-journee-bejune-des-soins-palliatifs","status":"publish","type":"post","link":"https:\/\/adsp-bejune.ch\/site\/save-the-date-journee-bejune-des-soins-palliatifs\/","title":{"rendered":"Journ\u00e9e BEJUNE des soins palliatifs"},"content":{"rendered":"<p>L\u2019Association pour le d\u00e9veloppement des soins palliatifs BEJUNE (ADSP BEJUNE) a le plaisir d\u2019annoncer<\/p>\n<p><strong>la premi\u00e8re Journ\u00e9e BEJUNE des soins palliatifs<\/strong>,<br \/>\nqui se tiendra\u00a0<strong>le jeudi 29 octobre 2026<\/strong>.<\/p>\n<p>Cette journ\u00e9e s\u2019adresse \u00e0 l\u2019ensemble des professionnel\u00b7les de la sant\u00e9 et du social ainsi qu'aux b\u00e9n\u00e9voles form\u00e9\u00b7es.<\/p>\n<p>Toutes les informations sur cette journ\u00e9e sont disponibles sur la <a href=\"https:\/\/www.palliactif.ch\/agenda\/detail\/250-journee-bejune-des-soins-palliatifs\" target=\"_blank\" rel=\"noopener\">page sp\u00e9cifique<\/a> de la plateforme palliactif.ch et sur notre <a href=\"https:\/\/adsp-bejune.ch\/site\/wp-content\/uploads\/2026\/07\/Flyer_JourneeBEJUNESP26.pdf\" target=\"_blank\" rel=\"noopener\">flyer<\/a>.<\/p>\n<p>&nbsp;<\/p>\n<p>&nbsp;<\/p>\n<p>&nbsp;<\/p>\n","protected":false},"excerpt":{"rendered":"<p>La premi\u00e8re Journ\u00e9e BEJUNE des soins palliatifs se tiendra\u00a0le jeudi 29 octobre 2026.<\/p>\n","protected":false},"author":1,"featured_media":976,"comment_status":"closed","ping_status":"closed","sticky":false,"template":"","format":"standard","meta":{"footnotes":""},"categories":[1,3],"tags":[],"class_list":["post-962","post","type-post","status-publish","format-standard","has-post-thumbnail","hentry","category-a-la-une","category-actualites"],"wppr_data":{"cwp_meta_box_check":"No"},"_links":{"self":[{"href":"https:\/\/adsp-bejune.ch\/site\/wp-json\/wp\/v2\/posts\/962","targetHints":{"allow":["GET"]}}],"collection":[{"href":"https:\/\/adsp-bejune.ch\/site\/wp-json\/wp\/v2\/posts"}],"about":[{"href":"https:\/\/adsp-bejune.ch\/site\/wp-json\/wp\/v2\/types\/post"}],"author":[{"embeddable":true,"href":"https:\/\/adsp-bejune.ch\/site\/wp-json\/wp\/v2\/users\/1"}],"replies":[{"embeddable":true,"href":"https:\/\/adsp-bejune.ch\/site\/wp-json\/wp\/v2\/comments?post=962"}],"version-history":[{"count":5,"href":"https:\/\/adsp-bejune.ch\/site\/wp-json\/wp\/v2\/posts\/962\/revisions"}],"predecessor-version":[{"id":979,"href":"https:\/\/adsp-bejune.ch\/site\/wp-json\/wp\/v2\/posts\/962\/revisions\/979"}],"wp:featuredmedia":[{"embeddable":true,"href":"https:\/\/adsp-bejune.ch\/site\/wp-json\/wp\/v2\/media\/976"}],"wp:attachment":[{"href":"https:\/\/adsp-bejune.ch\/site\/wp-json\/wp\/v2\/media?parent=962"}],"wp:term":[{"taxonomy":"category","embeddable":true,"href":"https:\/\/adsp-bejune.ch\/site\/wp-json\/wp\/v2\/categories?post=962"},{"taxonomy":"post_tag","embeddable":true,"href":"https:\/\/adsp-bejune.ch\/site\/wp-json\/wp\/v2\/tags?post=962"}],"curies":[{"name":"wp","href":"https:\/\/api.w.org\/{rel}","templated":true}]}}